{"id":809,"date":"2021-10-30T11:30:34","date_gmt":"2021-10-30T10:30:34","guid":{"rendered":"http:\/\/www.sabinevod-bosch.be\/wordpress\/?p=809"},"modified":"2022-10-24T12:45:38","modified_gmt":"2022-10-24T10:45:38","slug":"prolongation-exposition-galerie-prince-de-conde-spa","status":"publish","type":"post","link":"https:\/\/sabinevod-bosch.be\/wordpress\/prolongation-exposition-galerie-prince-de-conde-spa\/","title":{"rendered":"Prolongation de l&rsquo;exposition \u00e0 la galerie Prince de Cond\u00e9 \u00e0 Spa."},"content":{"rendered":"\n<figure class=\"wp-block-image\"><img decoding=\"async\" src=\"https:\/\/www.sabinevod-bosch.be\/wordpress\/wp-content\/uploads\/Prolongation-facebook-web.jpg\" alt=\"Prolongation de l'exposition de Sabine Van op den Bosch \u00e0 Spa\" class=\"wp-image-810\"\/><\/figure>\n\n\n\n<p>L&rsquo;<a href=\"http:\/\/www.sabinevod-bosch.be\/wordpress\/sabine-van-op-den-bosch-expose-galerie-art-pouhon-prince-de-conde-a-spa\/\">exposition<\/a>  de Sabine Van op den Bosch (peintures et dessins) et Anne-Marie Trignon (sculptures) \u00e0 la galerie  Pouhon Prince de Cond\u00e9 \u00e0 Spa est prolong\u00e9e jusqu&rsquo;au 7 novembre inclus.<\/p>\n\n\n\n<!--more-->\n\n\n\n<figure class=\"wp-block-embed is-type-video is-provider-youtube wp-block-embed-youtube wp-embed-aspect-16-9 wp-has-aspect-ratio\"><div class=\"wp-block-embed__wrapper\">\n<iframe loading=\"lazy\" title=\"Exposition de Sabine Van op den Bosch et Anne-Marie Trignon \u00e0 Spa\" width=\"625\" height=\"352\" src=\"https:\/\/www.youtube.com\/embed\/6tcjMHrm2Ng?feature=oembed\" frameborder=\"0\" allow=\"accelerometer; autoplay; clipboard-write; encrypted-media; gyroscope; picture-in-picture; web-share\" referrerpolicy=\"strict-origin-when-cross-origin\" allowfullscreen><\/iframe>\n<\/div><\/figure>\n\n\n\n<figure class=\"wp-block-image\"><img decoding=\"async\" src=\"http:\/\/www.sabinevod-bosch.be\/wordpress\/wp-content\/uploads\/expo-van-op-den-bosch-spa-14.jpg\" alt=\"Exposition de Sabine Van op den Bosch et Anne-Marie Trignon \u00e0 Spa\" class=\"wp-image-814\"\/><\/figure>\n\n\n\n<figure class=\"wp-block-image\"><img decoding=\"async\" src=\"http:\/\/www.sabinevod-bosch.be\/wordpress\/wp-content\/uploads\/expo-van-op-den-bosch-spa-11.jpg\" alt=\"Exposition de Sabine Van op den Bosch et Anne-Marie Trignon \u00e0 Spa\" class=\"wp-image-813\"\/><\/figure>\n\n\n\n<figure class=\"wp-block-image\"><img decoding=\"async\" src=\"http:\/\/www.sabinevod-bosch.be\/wordpress\/wp-content\/uploads\/expo-van-op-den-bosch-spa-12.jpg\" alt=\"Exposition de Sabine Van op den Bosch et Anne-Marie Trignon \u00e0 Spa\" class=\"wp-image-812\"\/><\/figure>\n\n\n\n<figure class=\"wp-block-image\"><img decoding=\"async\" src=\"http:\/\/www.sabinevod-bosch.be\/wordpress\/wp-content\/uploads\/expo-van-op-den-bosch-spa-1.jpg\" alt=\"Exposition de Sabine Van op den Bosch et Anne-Marie Trignon \u00e0 Spa\" class=\"wp-image-811\"\/><\/figure>\n\n\n\n<p>Photos et vid\u00e9os : <a href=\"https:\/\/gilderic.com\/2021\/10\/28\/exposition-sabine-van-op-den-bosch-anne-marie-trignon-a-spa\/\" target=\"_blank\" rel=\"noreferrer noopener\" aria-label=\"Gilderic (s\u2019ouvre dans un nouvel onglet)\">Gilderic<\/a><\/p>\n","protected":false},"excerpt":{"rendered":"<p>L&rsquo;exposition de Sabine Van op den Bosch (peintures et dessins) et Anne-Marie Trignon (sculptures) \u00e0 la galerie Pouhon Prince de Cond\u00e9 \u00e0 Spa est prolong\u00e9e jusqu&rsquo;au 7 novembre inclus.<\/p>\n","protected":false},"author":1,"featured_media":0,"comment_status":"closed","ping_status":"closed","sticky":false,"template":"","format":"standard","meta":{"_jetpack_memberships_contains_paid_content":false,"footnotes":""},"categories":[2],"tags":[15,17,26,31,33],"class_list":["post-809","post","type-post","status-publish","format-standard","hentry","category-actualite","tag-dessin","tag-exposition","tag-peinture","tag-sculpture","tag-spa"],"jetpack_featured_media_url":"","jetpack_sharing_enabled":true,"_links":{"self":[{"href":"https:\/\/sabinevod-bosch.be\/wordpress\/wp-json\/wp\/v2\/posts\/809","targetHints":{"allow":["GET"]}}],"collection":[{"href":"https:\/\/sabinevod-bosch.be\/wordpress\/wp-json\/wp\/v2\/posts"}],"about":[{"href":"https:\/\/sabinevod-bosch.be\/wordpress\/wp-json\/wp\/v2\/types\/post"}],"author":[{"embeddable":true,"href":"https:\/\/sabinevod-bosch.be\/wordpress\/wp-json\/wp\/v2\/users\/1"}],"replies":[{"embeddable":true,"href":"https:\/\/sabinevod-bosch.be\/wordpress\/wp-json\/wp\/v2\/comments?post=809"}],"version-history":[{"count":1,"href":"https:\/\/sabinevod-bosch.be\/wordpress\/wp-json\/wp\/v2\/posts\/809\/revisions"}],"predecessor-version":[{"id":2869,"href":"https:\/\/sabinevod-bosch.be\/wordpress\/wp-json\/wp\/v2\/posts\/809\/revisions\/2869"}],"wp:attachment":[{"href":"https:\/\/sabinevod-bosch.be\/wordpress\/wp-json\/wp\/v2\/media?parent=809"}],"wp:term":[{"taxonomy":"category","embeddable":true,"href":"https:\/\/sabinevod-bosch.be\/wordpress\/wp-json\/wp\/v2\/categories?post=809"},{"taxonomy":"post_tag","embeddable":true,"href":"https:\/\/sabinevod-bosch.be\/wordpress\/wp-json\/wp\/v2\/tags?post=809"}],"curies":[{"name":"wp","href":"https:\/\/api.w.org\/{rel}","templated":true}]}}